{"id":559,"date":"2026-09-05T01:45:37","date_gmt":"2026-09-05T04:45:37","guid":{"rendered":"https:\/\/fabioportela.com\/concursopublico\/?p=559"},"modified":"2026-09-05T01:45:37","modified_gmt":"2026-09-05T04:45:37","slug":"guia-definitivo-dos-direitos-do-candidato-no-cadastro-reserva-em-concurso-publico","status":"publish","type":"post","link":"https:\/\/fabioportela.com\/concursopublico\/blog\/guia-definitivo-dos-direitos-do-candidato-no-cadastro-reserva-em-concurso-publico\/","title":{"rendered":"Guia Definitivo dos Direitos do Candidato no Cadastro Reserva em Concurso P\u00fablico"},"content":{"rendered":"\n<h1 class=\"wp-block-heading\">1. Introdu\u00e7\u00e3o: Entenda o Direito Subjetivo \u00e0 Nomea\u00e7\u00e3o<\/h1>\n\n\n\n<p class=\"wp-block-paragraph\">Para muitos concurseiros, ver o nome na lista de aprovados do <strong>cadastro reserva<\/strong> gera sentimentos mistos: o orgulho pela aprova\u00e7\u00e3o e a incerteza quanto \u00e0 real chance de convoca\u00e7\u00e3o.&nbsp;<\/p>\n\n\n\n<p class=\"wp-block-paragraph\">Se voc\u00ea est\u00e1 nessa situa\u00e7\u00e3o, saiba que a legisla\u00e7\u00e3o e a jurisprud\u00eancia brasileiras garantem importante prote\u00e7\u00e3o aos <strong>direitos do candidato<\/strong>.<\/p>\n\n\n\n<p class=\"wp-block-paragraph\">Historicamente, a aprova\u00e7\u00e3o fora do n\u00famero de vagas oferecido no edital gerava apenas mera expectativa de direito. No entanto, decis\u00f5es hist\u00f3ricas do <strong>Supremo Tribunal Federal (STF)<\/strong> e do <strong>Superior Tribunal de Justi\u00e7a (STJ)<\/strong> (como no julgamento do MS 22.813-DF) consolidaram o entendimento de que o participante do cadastro de reserva pode, sob determinadas circunst\u00e2ncias, obter o <strong>direito subjetivo \u00e0 nomea\u00e7\u00e3o<\/strong> em <strong>concurso p\u00fablico<\/strong>.<\/p>\n\n\n\n<h1 class=\"wp-block-heading\">2. Os Tr\u00eas Requisitos Fundamentais para a Convoca\u00e7\u00e3o<\/h1>\n\n\n\n<p class=\"wp-block-paragraph\">Conforme tese firmada sob a relatoria do Min. Luiz Fux no STF, a simples exist\u00eancia do cadastro reserva n\u00e3o obriga a posse imediata. O candidato passa a ter direito l\u00edquido e certo \u00e0 <strong>nomea\u00e7\u00e3o<\/strong> quando preenchidos cumulativamente tr\u00eas requisitos jur\u00eddicos essenciais:<\/p>\n\n\n\n<ul class=\"wp-block-list\">\n<li><strong>Surgimento de novas vagas:<\/strong> Devem abrir vac\u00e2ncias durante o prazo de validade do concurso que alcancem a sua classifica\u00e7\u00e3o na lista reservada.<\/li>\n<\/ul>\n\n\n\n<ul class=\"wp-block-list\">\n<li><strong>Manifesta\u00e7\u00e3o da necessidade pelo Poder P\u00fablico:<\/strong> A administra\u00e7\u00e3o p\u00fablica deve demonstrar de forma inequ\u00edvoca que precisa preencher aquele cargo vago.<\/li>\n<\/ul>\n\n\n\n<ul class=\"wp-block-list\">\n<li><strong>Disponibilidade or\u00e7ament\u00e1ria:<\/strong> O \u00f3rg\u00e3o n\u00e3o deve possuir restri\u00e7\u00e3o financeira nem ultrapassar os limites fiscais estipulados para gastos com pessoal.<\/li>\n<\/ul>\n\n\n\n<h1 class=\"wp-block-heading\">3. Como Surgem as Vagas Durante a Validade do Concurso<\/h1>\n\n\n\n<p class=\"wp-block-paragraph\">Muitos aprovados ignoram as movimenta\u00e7\u00f5es do \u00f3rg\u00e3o ap\u00f3s a homologa\u00e7\u00e3o. No entanto, o surgimento de vagas na lista classificat\u00f3ria do <strong>cadastro reserva<\/strong> ocorre com frequ\u00eancia atrav\u00e9s de hip\u00f3teses bastante comuns:<\/p>\n\n\n\n<ul class=\"wp-block-list\">\n<li><strong>N\u00e3o comparecimento ou desist\u00eancia do aprovado titular:<\/strong> Quando candidatos dentro das vagas imediatas s\u00e3o convocados, mas perdem o prazo de posse ou n\u00e3o apresentam os documentos necess\u00e1rios.<\/li>\n<\/ul>\n\n\n\n<ul class=\"wp-block-list\">\n<li><strong>Exonera\u00e7\u00e3o ou vac\u00e2ncia precoce:<\/strong> Quando o candidato assume o cargo, mas pede exonera\u00e7\u00e3o ou se aposenta ainda no per\u00edodo de validade do certame.<\/li>\n<\/ul>\n\n\n\n<ul class=\"wp-block-list\">\n<li><strong>Cria\u00e7\u00e3o de novos cargos ou contratos tempor\u00e1rios ilegais:<\/strong> Quando a administra\u00e7\u00e3o contrata terceirizados ou tempor\u00e1rios para desempenhar as exatas fun\u00e7\u00f5es do cargo vago existente.<\/li>\n<\/ul>\n\n\n\n<p class=\"wp-block-paragraph\">Nesses cen\u00e1rios, fica evidente que o Estado necessita daquele servidor e j\u00e1 disponibilizou a verba or\u00e7ament\u00e1ria para a vaga. O direito, portanto, migra da mera expectativa para a obriga\u00e7\u00e3o de provimento.<\/p>\n\n\n\n<h1 class=\"wp-block-heading\">4. Estudo de Caso Pr\u00e1tico: O Exemplo de Maria e Jonas<\/h1>\n\n\n\n<p class=\"wp-block-paragraph\">Para entender o funcionamento desse mecanismo na pr\u00e1tica, considere a seguinte ilustra\u00e7\u00e3o hipot\u00e9tica:<\/p>\n\n\n\n<p class=\"wp-block-paragraph\">Um edital prev\u00ea 1 vaga imediata e 3 vagas em cadastro reserva. Maria obt\u00e9m o 1\u00ba lugar (vaga imediata), enquanto Jonas, Leandro e Laura ficam classificados no cadastro reserva, exatamente nessa ordem.<\/p>\n\n\n\n<p class=\"wp-block-paragraph\">Ao nomear Maria, a administra\u00e7\u00e3o p\u00fablica atesta oficialmente a necessidade de preenchimento e a exist\u00eancia de or\u00e7amento. Contudo, imagine tr\u00eas cen\u00e1rios poss\u00edveis:<\/p>\n\n\n\n<ul class=\"wp-block-list\">\n<li>Maria n\u00e3o atende \u00e0 convoca\u00e7\u00e3o no prazo e perde o direito \u00e0 vaga.<\/li>\n\n\n\n<li>Maria comparece, mas n\u00e3o apresenta os documentos exigidos e \u00e9 desclassificada.<\/li>\n\n\n\n<li>Maria toma posse, por\u00e9m desiste e pede exonera\u00e7\u00e3o semanas depois, durante a validade do certame.<\/li>\n<\/ul>\n\n\n\n<p class=\"wp-block-paragraph\">Em qualquer dessas situa\u00e7\u00f5es, a vaga torna-se novamente aberta e pendente de preenchimento. Por efeito imediato, o <strong>direito subjetivo<\/strong> \u00e9 transferido automaticamente para Jonas, 1\u00ba colocado do cadastro reserva, exigindo da administra\u00e7\u00e3o a sua convoca\u00e7\u00e3o.<\/p>\n\n\n\n<h1 class=\"wp-block-heading\">5. Como Agir e Quando Buscar Ajuda Jur\u00eddica<\/h1>\n\n\n\n<p class=\"wp-block-paragraph\">Se voc\u00ea \u00e9 concurseiro e est\u00e1 aguardando em uma lista de reserva, adote uma postura proativa. Monitore ativamente os Di\u00e1rios Oficiais, acompanhe o Portal da Transpar\u00eancia do \u00f3rg\u00e3o para checar a situa\u00e7\u00e3o financeira\/or\u00e7ament\u00e1ria e observe a cria\u00e7\u00e3o de novos cargos ou contratos tempor\u00e1rios.<\/p>\n\n\n\n<p class=\"wp-block-paragraph\">Caso identifique que o seu direito \u00e0 <strong>nomea\u00e7\u00e3o<\/strong> foi violado \u2014 por exemplo, quando o \u00f3rg\u00e3o contrata terceirizados para a sua fun\u00e7\u00e3o ou deixa de nomear ap\u00f3s desist\u00eancia de titular \u2014, consulte um advogado especialista em concursos p\u00fablicos. A medida judicial cab\u00edvel costuma ser o <strong>Mandado de Seguran\u00e7a com Liminar<\/strong>, recurso judicial \u00e1gil voltado a proteger seu direito l\u00edquido e certo de assumir o t\u00e3o sonhado cargo p\u00fablico.<\/p>\n\n\n\n<h1 class=\"wp-block-heading\">6. Conclus\u00e3o<\/h1>\n\n\n\n<p class=\"wp-block-paragraph\">A aprova\u00e7\u00e3o no cadastro reserva n\u00e3o precisa ser o fim da sua jornada. Conhecendo a fundo os <strong>direitos do candidato<\/strong> e mantendo-se atento aos requisitos estabelecidos pelos tribunais superiores (STF e STJ), voc\u00ea estar\u00e1 totalmente preparado para reivindicar a sua vaga na justi\u00e7a quando a oportunidade surgir.<\/p>\n\n\n\n<p class=\"wp-block-paragraph\">Caso tenha d\u00favidas adicionais ou necessite de assist\u00eancia para iniciar o processo judicial, sinta-se \u00e0 vontade para perguntar. Estou aqui para ajudar.<\/p>\n\n\n\n<p class=\"wp-block-paragraph\">Dr. F\u00e1bio Portela \u00e9 Advogado Especialista em Concursos P\u00fablicos com +10 anos de experi\u00eancia e dedica\u00e7\u00e3o exclusiva. Fa\u00e7a contato em: <a href=\"https:\/\/fabioportela.com\/\">www.fabioportela.com<\/a><\/p>\n","protected":false},"excerpt":{"rendered":"<p>1. Introdu\u00e7\u00e3o: Entenda o Direito Subjetivo \u00e0 Nomea\u00e7\u00e3o Para muitos concurseiros, ver o nome na lista de aprovados do cadastro reserva gera sentimentos mistos: o orgulho pela aprova\u00e7\u00e3o e a incerteza quanto \u00e0 real chance de convoca\u00e7\u00e3o.&nbsp; Se voc\u00ea est\u00e1 nessa situa\u00e7\u00e3o, saiba que a legisla\u00e7\u00e3o e a jurisprud\u00eancia brasileiras garantem importante prote\u00e7\u00e3o aos direitos [&hellip;]<\/p>\n","protected":false},"author":1,"featured_media":0,"comment_status":"open","ping_status":"open","sticky":false,"template":"","format":"standard","meta":{"footnotes":""},"categories":[5,8,6],"tags":[16,15,9],"class_list":["post-559","post","type-post","status-publish","format-standard","hentry","category-concurso-publico","category-liminar-concurso-publico","category-mandado-de-seguranca","tag-aprovado-concurso-publico","tag-concurso-cadastro-reserva","tag-concurso-publico"],"yoast_head":"<!-- This site is optimized with the Yoast SEO plugin v28.2 - https:\/\/yoast.com\/product\/yoast-seo-wordpress\/ -->\n<title>Guia Definitivo dos Direitos do Candidato no Cadastro Reserva em Concurso P\u00fablico - Advogado Especialista em Problemas dos Concursos Publicos<\/title>\n<meta name=\"robots\" content=\"index, follow, max-snippet:-1, max-image-preview:large, max-video-preview:-1\" \/>\n<link rel=\"canonical\" href=\"https:\/\/fabioportela.com\/concursopublico\/blog\/guia-definitivo-dos-direitos-do-candidato-no-cadastro-reserva-em-concurso-publico\/\" \/>\n<meta property=\"og:locale\" content=\"pt_BR\" \/>\n<meta property=\"og:type\" content=\"article\" \/>\n<meta property=\"og:title\" content=\"Guia Definitivo dos Direitos do Candidato no Cadastro Reserva em Concurso P\u00fablico - Advogado Especialista em Problemas dos Concursos Publicos\" \/>\n<meta property=\"og:description\" content=\"1. Introdu\u00e7\u00e3o: Entenda o Direito Subjetivo \u00e0 Nomea\u00e7\u00e3o Para muitos concurseiros, ver o nome na lista de aprovados do cadastro reserva gera sentimentos mistos: o orgulho pela aprova\u00e7\u00e3o e a incerteza quanto \u00e0 real chance de convoca\u00e7\u00e3o.&nbsp; Se voc\u00ea est\u00e1 nessa situa\u00e7\u00e3o, saiba que a legisla\u00e7\u00e3o e a jurisprud\u00eancia brasileiras garantem importante prote\u00e7\u00e3o aos direitos [&hellip;]\" \/>\n<meta property=\"og:url\" content=\"https:\/\/fabioportela.com\/concursopublico\/blog\/guia-definitivo-dos-direitos-do-candidato-no-cadastro-reserva-em-concurso-publico\/\" \/>\n<meta property=\"og:site_name\" content=\"Advogado Especialista em Problemas dos Concursos Publicos\" \/>\n<meta property=\"article:publisher\" content=\"https:\/\/www.facebook.com\/advogadofabioportela\/\" \/>\n<meta property=\"article:published_time\" content=\"2026-09-05T04:45:37+00:00\" \/>\n<meta name=\"author\" content=\"F\u00e1bio Portela\" \/>\n<meta name=\"twitter:card\" content=\"summary_large_image\" \/>\n<meta name=\"twitter:label1\" content=\"Escrito por\" \/>\n\t<meta name=\"twitter:data1\" content=\"F\u00e1bio Portela\" \/>\n\t<meta name=\"twitter:label2\" content=\"Est. tempo de leitura\" \/>\n\t<meta name=\"twitter:data2\" content=\"5 minutos\" \/>\n<script type=\"application\/ld+json\" class=\"yoast-schema-graph\">{\"@context\":\"https:\\\/\\\/schema.org\",\"@graph\":[{\"@type\":\"Article\",\"@id\":\"https:\\\/\\\/fabioportela.com\\\/concursopublico\\\/blog\\\/guia-definitivo-dos-direitos-do-candidato-no-cadastro-reserva-em-concurso-publico\\\/#article\",\"isPartOf\":{\"@id\":\"https:\\\/\\\/fabioportela.com\\\/concursopublico\\\/blog\\\/guia-definitivo-dos-direitos-do-candidato-no-cadastro-reserva-em-concurso-publico\\\/\"},\"author\":{\"name\":\"F\u00e1bio Portela\",\"@id\":\"https:\\\/\\\/fabioportela.com\\\/concursopublico\\\/#\\\/schema\\\/person\\\/194030eac85b4f6584cb026327b08463\"},\"headline\":\"Guia Definitivo dos Direitos do Candidato no Cadastro Reserva em Concurso P\u00fablico\",\"datePublished\":\"2026-09-05T04:45:37+00:00\",\"mainEntityOfPage\":{\"@id\":\"https:\\\/\\\/fabioportela.com\\\/concursopublico\\\/blog\\\/guia-definitivo-dos-direitos-do-candidato-no-cadastro-reserva-em-concurso-publico\\\/\"},\"wordCount\":843,\"commentCount\":0,\"publisher\":{\"@id\":\"https:\\\/\\\/fabioportela.com\\\/concursopublico\\\/#organization\"},\"keywords\":[\"aprovado concurso publico\",\"concurso cadastro reserva\",\"concurso publico\"],\"articleSection\":[\"concurso publico\",\"liminar concurso publico\",\"mandado de seguranca\"],\"inLanguage\":\"pt-BR\",\"potentialAction\":[{\"@type\":\"CommentAction\",\"name\":\"Comment\",\"target\":[\"https:\\\/\\\/fabioportela.com\\\/concursopublico\\\/blog\\\/guia-definitivo-dos-direitos-do-candidato-no-cadastro-reserva-em-concurso-publico\\\/#respond\"]}]},{\"@type\":\"WebPage\",\"@id\":\"https:\\\/\\\/fabioportela.com\\\/concursopublico\\\/blog\\\/guia-definitivo-dos-direitos-do-candidato-no-cadastro-reserva-em-concurso-publico\\\/\",\"url\":\"https:\\\/\\\/fabioportela.com\\\/concursopublico\\\/blog\\\/guia-definitivo-dos-direitos-do-candidato-no-cadastro-reserva-em-concurso-publico\\\/\",\"name\":\"Guia Definitivo dos Direitos do Candidato no Cadastro Reserva em Concurso P\u00fablico - Advogado Especialista em Problemas dos Concursos Publicos\",\"isPartOf\":{\"@id\":\"https:\\\/\\\/fabioportela.com\\\/concursopublico\\\/#website\"},\"datePublished\":\"2026-09-05T04:45:37+00:00\",\"breadcrumb\":{\"@id\":\"https:\\\/\\\/fabioportela.com\\\/concursopublico\\\/blog\\\/guia-definitivo-dos-direitos-do-candidato-no-cadastro-reserva-em-concurso-publico\\\/#breadcrumb\"},\"inLanguage\":\"pt-BR\",\"potentialAction\":[{\"@type\":\"ReadAction\",\"target\":[\"https:\\\/\\\/fabioportela.com\\\/concursopublico\\\/blog\\\/guia-definitivo-dos-direitos-do-candidato-no-cadastro-reserva-em-concurso-publico\\\/\"]}]},{\"@type\":\"BreadcrumbList\",\"@id\":\"https:\\\/\\\/fabioportela.com\\\/concursopublico\\\/blog\\\/guia-definitivo-dos-direitos-do-candidato-no-cadastro-reserva-em-concurso-publico\\\/#breadcrumb\",\"itemListElement\":[{\"@type\":\"ListItem\",\"position\":1,\"name\":\"In\u00edcio\",\"item\":\"https:\\\/\\\/fabioportela.com\\\/concursopublico\\\/\"},{\"@type\":\"ListItem\",\"position\":2,\"name\":\"Guia Definitivo dos Direitos do Candidato no Cadastro Reserva em Concurso P\u00fablico\"}]},{\"@type\":\"WebSite\",\"@id\":\"https:\\\/\\\/fabioportela.com\\\/concursopublico\\\/#website\",\"url\":\"https:\\\/\\\/fabioportela.com\\\/concursopublico\\\/\",\"name\":\"Advogado Especialista em Concursos Publicos\",\"description\":\"Mandado de Seguranca e Liminar para Concursos Publicos no Brasil\",\"publisher\":{\"@id\":\"https:\\\/\\\/fabioportela.com\\\/concursopublico\\\/#organization\"},\"potentialAction\":[{\"@type\":\"SearchAction\",\"target\":{\"@type\":\"EntryPoint\",\"urlTemplate\":\"https:\\\/\\\/fabioportela.com\\\/concursopublico\\\/?s={search_term_string}\"},\"query-input\":{\"@type\":\"PropertyValueSpecification\",\"valueRequired\":true,\"valueName\":\"search_term_string\"}}],\"inLanguage\":\"pt-BR\"},{\"@type\":\"Organization\",\"@id\":\"https:\\\/\\\/fabioportela.com\\\/concursopublico\\\/#organization\",\"name\":\"Advogado Fabio Portela\",\"url\":\"https:\\\/\\\/fabioportela.com\\\/concursopublico\\\/\",\"logo\":{\"@type\":\"ImageObject\",\"inLanguage\":\"pt-BR\",\"@id\":\"https:\\\/\\\/fabioportela.com\\\/concursopublico\\\/#\\\/schema\\\/logo\\\/image\\\/\",\"url\":\"https:\\\/\\\/fabioportela.com\\\/concursopublico\\\/wp-content\\\/uploads\\\/2018\\\/08\\\/advogado-especialista-concurso-logo-1.png\",\"contentUrl\":\"https:\\\/\\\/fabioportela.com\\\/concursopublico\\\/wp-content\\\/uploads\\\/2018\\\/08\\\/advogado-especialista-concurso-logo-1.png\",\"width\":272,\"height\":48,\"caption\":\"Advogado Fabio Portela\"},\"image\":{\"@id\":\"https:\\\/\\\/fabioportela.com\\\/concursopublico\\\/#\\\/schema\\\/logo\\\/image\\\/\"},\"sameAs\":[\"https:\\\/\\\/www.facebook.com\\\/advogadofabioportela\\\/\",\"https:\\\/\\\/www.linkedin.com\\\/in\\\/advogadofabioportela\\\/\",\"https:\\\/\\\/www.instagram.com\\\/advogadofabioportela\\\/\"]},{\"@type\":\"Person\",\"@id\":\"https:\\\/\\\/fabioportela.com\\\/concursopublico\\\/#\\\/schema\\\/person\\\/194030eac85b4f6584cb026327b08463\",\"name\":\"F\u00e1bio Portela\",\"image\":{\"@type\":\"ImageObject\",\"inLanguage\":\"pt-BR\",\"@id\":\"https:\\\/\\\/secure.gravatar.com\\\/avatar\\\/c42e94b6948b25f57aa54253af96b0b074a0e70ecb48685c78dc86c9e1e21273?s=96&d=mm&r=g\",\"url\":\"https:\\\/\\\/secure.gravatar.com\\\/avatar\\\/c42e94b6948b25f57aa54253af96b0b074a0e70ecb48685c78dc86c9e1e21273?s=96&d=mm&r=g\",\"contentUrl\":\"https:\\\/\\\/secure.gravatar.com\\\/avatar\\\/c42e94b6948b25f57aa54253af96b0b074a0e70ecb48685c78dc86c9e1e21273?s=96&d=mm&r=g\",\"caption\":\"F\u00e1bio Portela\"},\"description\":\"Advogado Especialista em Concursos P\u00fablicos em todo o Brasil. Estudou contratos jur\u00eddicos em Harvard, nos Estados Unidos, trazendo na bagagem experi\u00eancia para defender os direitos dos candidatos nos concursos.\"}]}<\/script>\n<!-- \/ Yoast SEO plugin. -->","yoast_head_json":{"title":"Guia Definitivo dos Direitos do Candidato no Cadastro Reserva em Concurso P\u00fablico - Advogado Especialista em Problemas dos Concursos Publicos","robots":{"index":"index","follow":"follow","max-snippet":"max-snippet:-1","max-image-preview":"max-image-preview:large","max-video-preview":"max-video-preview:-1"},"canonical":"https:\/\/fabioportela.com\/concursopublico\/blog\/guia-definitivo-dos-direitos-do-candidato-no-cadastro-reserva-em-concurso-publico\/","og_locale":"pt_BR","og_type":"article","og_title":"Guia Definitivo dos Direitos do Candidato no Cadastro Reserva em Concurso P\u00fablico - Advogado Especialista em Problemas dos Concursos Publicos","og_description":"1. Introdu\u00e7\u00e3o: Entenda o Direito Subjetivo \u00e0 Nomea\u00e7\u00e3o Para muitos concurseiros, ver o nome na lista de aprovados do cadastro reserva gera sentimentos mistos: o orgulho pela aprova\u00e7\u00e3o e a incerteza quanto \u00e0 real chance de convoca\u00e7\u00e3o.&nbsp; Se voc\u00ea est\u00e1 nessa situa\u00e7\u00e3o, saiba que a legisla\u00e7\u00e3o e a jurisprud\u00eancia brasileiras garantem importante prote\u00e7\u00e3o aos direitos [&hellip;]","og_url":"https:\/\/fabioportela.com\/concursopublico\/blog\/guia-definitivo-dos-direitos-do-candidato-no-cadastro-reserva-em-concurso-publico\/","og_site_name":"Advogado Especialista em Problemas dos Concursos Publicos","article_publisher":"https:\/\/www.facebook.com\/advogadofabioportela\/","article_published_time":"2026-09-05T04:45:37+00:00","author":"F\u00e1bio Portela","twitter_card":"summary_large_image","twitter_misc":{"Escrito por":"F\u00e1bio Portela","Est. tempo de leitura":"5 minutos"},"schema":{"@context":"https:\/\/schema.org","@graph":[{"@type":"Article","@id":"https:\/\/fabioportela.com\/concursopublico\/blog\/guia-definitivo-dos-direitos-do-candidato-no-cadastro-reserva-em-concurso-publico\/#article","isPartOf":{"@id":"https:\/\/fabioportela.com\/concursopublico\/blog\/guia-definitivo-dos-direitos-do-candidato-no-cadastro-reserva-em-concurso-publico\/"},"author":{"name":"F\u00e1bio Portela","@id":"https:\/\/fabioportela.com\/concursopublico\/#\/schema\/person\/194030eac85b4f6584cb026327b08463"},"headline":"Guia Definitivo dos Direitos do Candidato no Cadastro Reserva em Concurso P\u00fablico","datePublished":"2026-09-05T04:45:37+00:00","mainEntityOfPage":{"@id":"https:\/\/fabioportela.com\/concursopublico\/blog\/guia-definitivo-dos-direitos-do-candidato-no-cadastro-reserva-em-concurso-publico\/"},"wordCount":843,"commentCount":0,"publisher":{"@id":"https:\/\/fabioportela.com\/concursopublico\/#organization"},"keywords":["aprovado concurso publico","concurso cadastro reserva","concurso publico"],"articleSection":["concurso publico","liminar concurso publico","mandado de seguranca"],"inLanguage":"pt-BR","potentialAction":[{"@type":"CommentAction","name":"Comment","target":["https:\/\/fabioportela.com\/concursopublico\/blog\/guia-definitivo-dos-direitos-do-candidato-no-cadastro-reserva-em-concurso-publico\/#respond"]}]},{"@type":"WebPage","@id":"https:\/\/fabioportela.com\/concursopublico\/blog\/guia-definitivo-dos-direitos-do-candidato-no-cadastro-reserva-em-concurso-publico\/","url":"https:\/\/fabioportela.com\/concursopublico\/blog\/guia-definitivo-dos-direitos-do-candidato-no-cadastro-reserva-em-concurso-publico\/","name":"Guia Definitivo dos Direitos do Candidato no Cadastro Reserva em Concurso P\u00fablico - Advogado Especialista em Problemas dos Concursos Publicos","isPartOf":{"@id":"https:\/\/fabioportela.com\/concursopublico\/#website"},"datePublished":"2026-09-05T04:45:37+00:00","breadcrumb":{"@id":"https:\/\/fabioportela.com\/concursopublico\/blog\/guia-definitivo-dos-direitos-do-candidato-no-cadastro-reserva-em-concurso-publico\/#breadcrumb"},"inLanguage":"pt-BR","potentialAction":[{"@type":"ReadAction","target":["https:\/\/fabioportela.com\/concursopublico\/blog\/guia-definitivo-dos-direitos-do-candidato-no-cadastro-reserva-em-concurso-publico\/"]}]},{"@type":"BreadcrumbList","@id":"https:\/\/fabioportela.com\/concursopublico\/blog\/guia-definitivo-dos-direitos-do-candidato-no-cadastro-reserva-em-concurso-publico\/#breadcrumb","itemListElement":[{"@type":"ListItem","position":1,"name":"In\u00edcio","item":"https:\/\/fabioportela.com\/concursopublico\/"},{"@type":"ListItem","position":2,"name":"Guia Definitivo dos Direitos do Candidato no Cadastro Reserva em Concurso P\u00fablico"}]},{"@type":"WebSite","@id":"https:\/\/fabioportela.com\/concursopublico\/#website","url":"https:\/\/fabioportela.com\/concursopublico\/","name":"Advogado Especialista em Concursos Publicos","description":"Mandado de Seguranca e Liminar para Concursos Publicos no Brasil","publisher":{"@id":"https:\/\/fabioportela.com\/concursopublico\/#organization"},"potentialAction":[{"@type":"SearchAction","target":{"@type":"EntryPoint","urlTemplate":"https:\/\/fabioportela.com\/concursopublico\/?s={search_term_string}"},"query-input":{"@type":"PropertyValueSpecification","valueRequired":true,"valueName":"search_term_string"}}],"inLanguage":"pt-BR"},{"@type":"Organization","@id":"https:\/\/fabioportela.com\/concursopublico\/#organization","name":"Advogado Fabio Portela","url":"https:\/\/fabioportela.com\/concursopublico\/","logo":{"@type":"ImageObject","inLanguage":"pt-BR","@id":"https:\/\/fabioportela.com\/concursopublico\/#\/schema\/logo\/image\/","url":"https:\/\/fabioportela.com\/concursopublico\/wp-content\/uploads\/2018\/08\/advogado-especialista-concurso-logo-1.png","contentUrl":"https:\/\/fabioportela.com\/concursopublico\/wp-content\/uploads\/2018\/08\/advogado-especialista-concurso-logo-1.png","width":272,"height":48,"caption":"Advogado Fabio Portela"},"image":{"@id":"https:\/\/fabioportela.com\/concursopublico\/#\/schema\/logo\/image\/"},"sameAs":["https:\/\/www.facebook.com\/advogadofabioportela\/","https:\/\/www.linkedin.com\/in\/advogadofabioportela\/","https:\/\/www.instagram.com\/advogadofabioportela\/"]},{"@type":"Person","@id":"https:\/\/fabioportela.com\/concursopublico\/#\/schema\/person\/194030eac85b4f6584cb026327b08463","name":"F\u00e1bio Portela","image":{"@type":"ImageObject","inLanguage":"pt-BR","@id":"https:\/\/secure.gravatar.com\/avatar\/c42e94b6948b25f57aa54253af96b0b074a0e70ecb48685c78dc86c9e1e21273?s=96&d=mm&r=g","url":"https:\/\/secure.gravatar.com\/avatar\/c42e94b6948b25f57aa54253af96b0b074a0e70ecb48685c78dc86c9e1e21273?s=96&d=mm&r=g","contentUrl":"https:\/\/secure.gravatar.com\/avatar\/c42e94b6948b25f57aa54253af96b0b074a0e70ecb48685c78dc86c9e1e21273?s=96&d=mm&r=g","caption":"F\u00e1bio Portela"},"description":"Advogado Especialista em Concursos P\u00fablicos em todo o Brasil. Estudou contratos jur\u00eddicos em Harvard, nos Estados Unidos, trazendo na bagagem experi\u00eancia para defender os direitos dos candidatos nos concursos."}]}},"acf":[],"_links":{"self":[{"href":"https:\/\/fabioportela.com\/concursopublico\/wp-json\/wp\/v2\/posts\/559","targetHints":{"allow":["GET"]}}],"collection":[{"href":"https:\/\/fabioportela.com\/concursopublico\/wp-json\/wp\/v2\/posts"}],"about":[{"href":"https:\/\/fabioportela.com\/concursopublico\/wp-json\/wp\/v2\/types\/post"}],"author":[{"embeddable":true,"href":"https:\/\/fabioportela.com\/concursopublico\/wp-json\/wp\/v2\/users\/1"}],"replies":[{"embeddable":true,"href":"https:\/\/fabioportela.com\/concursopublico\/wp-json\/wp\/v2\/comments?post=559"}],"version-history":[{"count":1,"href":"https:\/\/fabioportela.com\/concursopublico\/wp-json\/wp\/v2\/posts\/559\/revisions"}],"predecessor-version":[{"id":560,"href":"https:\/\/fabioportela.com\/concursopublico\/wp-json\/wp\/v2\/posts\/559\/revisions\/560"}],"wp:attachment":[{"href":"https:\/\/fabioportela.com\/concursopublico\/wp-json\/wp\/v2\/media?parent=559"}],"wp:term":[{"taxonomy":"category","embeddable":true,"href":"https:\/\/fabioportela.com\/concursopublico\/wp-json\/wp\/v2\/categories?post=559"},{"taxonomy":"post_tag","embeddable":true,"href":"https:\/\/fabioportela.com\/concursopublico\/wp-json\/wp\/v2\/tags?post=559"}],"curies":[{"name":"wp","href":"https:\/\/api.w.org\/{rel}","templated":true}]}}